{"id":171,"date":"2019-04-08T21:39:12","date_gmt":"2019-04-08T20:39:12","guid":{"rendered":"http:\/\/herr-esseling.de\/wordpress\/?p=171"},"modified":"2019-10-16T10:46:03","modified_gmt":"2019-10-16T09:46:03","slug":"flaecheninhalt-und-umfang","status":"publish","type":"post","link":"http:\/\/herr-esseling.de\/wordpress\/flaecheninhalt-und-umfang\/","title":{"rendered":"Fl\u00e4cheninhalt und Umfang"},"content":{"rendered":"<h3>Fl\u00e4cheninhalt und Umfang beim Rechteck<\/h3>\n<ul>\n<li><a href=\"http:\/\/www.realmath.de\/Neues\/Klasse5\/umfang\/rechtecksumfang.html\">Umfang berechnen<\/a><\/li>\n<li><a href=\"http:\/\/www.realmath.de\/Neues\/Klasse5\/umfang\/rechtecksflaeche.html\">Fl\u00e4cheninhalt berechnen<\/a><\/li>\n<li><a href=\"http:\/\/www.realmath.de\/Neues\/Klasse5\/umfang\/figurvariabel.html\">zusammengesetzte Figuren<\/a><\/li>\n<\/ul>\n<h3>Fl\u00e4cheneinheiten umrechnen<\/h3>\n<ul>\n<li><a href=\"http:\/\/www.realmath.de\/Neues\/Klasse5\/flaeche\/umrechnung.html\">Umrechnen \u00fcben anschaulich<\/a><\/li>\n<li><a href=\"http:\/\/www.realmath.de\/Neues\/Klasse5\/flaeche\/flaechrech2.html\">Umrechnen \u00fcben vermischt<\/a><\/li>\n<\/ul>\n","protected":false},"excerpt":{"rendered":"<p>Fl\u00e4cheninhalt und Umfang beim Rechteck Umfang berechnen Fl\u00e4cheninhalt berechnen zusammengesetzte Figuren Fl\u00e4cheneinheiten umrechnen Umrechnen \u00fcben anschaulich Umrechnen \u00fcben vermischt<\/p>\n","protected":false},"author":1,"featured_media":0,"comment_status":"closed","ping_status":"closed","sticky":false,"template":"","format":"standard","meta":[],"categories":[13],"tags":[21],"_links":{"self":[{"href":"http:\/\/herr-esseling.de\/wordpress\/wp-json\/wp\/v2\/posts\/171"}],"collection":[{"href":"http:\/\/herr-esseling.de\/wordpress\/wp-json\/wp\/v2\/posts"}],"about":[{"href":"http:\/\/herr-esseling.de\/wordpress\/wp-json\/wp\/v2\/types\/post"}],"author":[{"embeddable":true,"href":"http:\/\/herr-esseling.de\/wordpress\/wp-json\/wp\/v2\/users\/1"}],"replies":[{"embeddable":true,"href":"http:\/\/herr-esseling.de\/wordpress\/wp-json\/wp\/v2\/comments?post=171"}],"version-history":[{"count":1,"href":"http:\/\/herr-esseling.de\/wordpress\/wp-json\/wp\/v2\/posts\/171\/revisions"}],"predecessor-version":[{"id":172,"href":"http:\/\/herr-esseling.de\/wordpress\/wp-json\/wp\/v2\/posts\/171\/revisions\/172"}],"wp:attachment":[{"href":"http:\/\/herr-esseling.de\/wordpress\/wp-json\/wp\/v2\/media?parent=171"}],"wp:term":[{"taxonomy":"category","embeddable":true,"href":"http:\/\/herr-esseling.de\/wordpress\/wp-json\/wp\/v2\/categories?post=171"},{"taxonomy":"post_tag","embeddable":true,"href":"http:\/\/herr-esseling.de\/wordpress\/wp-json\/wp\/v2\/tags?post=171"}],"curies":[{"name":"wp","href":"https:\/\/api.w.org\/{rel}","templated":true}]}}